{"id":13569,"date":"2022-06-06T18:37:54","date_gmt":"2022-06-06T16:37:54","guid":{"rendered":"https:\/\/anciensmeteos.info\/?p=13569"},"modified":"2023-02-08T17:56:40","modified_gmt":"2023-02-08T16:56:40","slug":"publications-new","status":"publish","type":"post","link":"https:\/\/anciensmeteos.info\/?p=13569","title":{"rendered":"Publications"},"content":{"rendered":"\n<div class=\"wp-block-columns is-layout-flex wp-container-core-columns-is-layout-8f761849 wp-block-columns-is-layout-flex\">\n<div class=\"wp-block-column is-layout-flow wp-block-column-is-layout-flow\">\n<div class=\"wp-block-media-text alignwide is-stacked-on-mobile\" style=\"grid-template-columns:40% auto\"><figure class=\"wp-block-media-text__media\"><a href=\"https:\/\/anciensmeteos.info\/wp-content\/uploads\/2021\/09\/pistes-nuages.pdf\"><img loading=\"lazy\" decoding=\"async\" width=\"150\" height=\"150\" src=\"https:\/\/anciensmeteos.info\/wp-content\/uploads\/2021\/09\/piste5-150x150.jpg\" alt=\"\" class=\"wp-image-12045 size-thumbnail\"\/><\/a><\/figure><div class=\"wp-block-media-text__content\">\n<p class=\"has-small-font-size wp-block-paragraph\">Nota : cet ouvrage avait \u00e9t\u00e9 signal\u00e9 dans l\u2019AEC n\u00b0 179, ouvrage  issu d&rsquo;un collectif, clic image pour lire le doc.<\/p>\n<\/div><\/div>\n<\/div>\n\n\n\n<div class=\"wp-block-column is-layout-flow wp-block-column-is-layout-flow\">\n<div class=\"wp-block-media-text alignwide is-stacked-on-mobile\" style=\"grid-template-columns:40% auto\"><figure class=\"wp-block-media-text__media\"><a href=\"http:\/\/nauticalfree.free.fr\/metmar\/metmar1a217.html\"><img loading=\"lazy\" decoding=\"async\" width=\"150\" height=\"150\" src=\"https:\/\/anciensmeteos.info\/wp-content\/uploads\/2022\/06\/metmar2-150x150.jpg\" alt=\"\" class=\"wp-image-13574 size-thumbnail\"\/><\/a><\/figure><div class=\"wp-block-media-text__content\">\n<p class=\"has-small-font-size wp-block-paragraph\">La collection des revues \u201cMet Mar\u201d issue des archives de M\u00e9t\u00e9o-France, clic image pour voir la collection 1953-2007.<\/p>\n<\/div><\/div>\n<\/div>\n<\/div>\n\n\n\n<div class=\"wp-block-columns is-layout-flex wp-container-core-columns-is-layout-8f761849 wp-block-columns-is-layout-flex\">\n<div class=\"wp-block-column is-layout-flow wp-block-column-is-layout-flow\">\n<div class=\"wp-block-media-text alignwide is-stacked-on-mobile\" style=\"grid-template-columns:40% auto\"><figure class=\"wp-block-media-text__media\"><a href=\"https:\/\/anciensmeteos.info\/wp-content\/uploads\/2022\/02\/livres-mto.pdf\"><img loading=\"lazy\" decoding=\"async\" width=\"150\" height=\"66\" src=\"https:\/\/anciensmeteos.info\/wp-content\/uploads\/2022\/06\/livres_mto-150x66.jpg\" alt=\"\" class=\"wp-image-13578 size-thumbnail\"\/><\/a><\/figure><div class=\"wp-block-media-text__content\">\n<p class=\"has-small-font-size wp-block-paragraph\">Livres sur la m\u00e9t\u00e9orologie article paru dans AEC n\u00b0 138, clic image pour lire le doc.<\/p>\n<\/div><\/div>\n<\/div>\n\n\n\n<div class=\"wp-block-column is-layout-flow wp-block-column-is-layout-flow\">\n<div class=\"wp-block-media-text alignwide is-stacked-on-mobile\" style=\"grid-template-columns:40% auto\"><figure class=\"wp-block-media-text__media\"><a href=\"https:\/\/www.histoire-genealogie.com\/Meteores-et-calamites-d-autrefois\"><img loading=\"lazy\" decoding=\"async\" width=\"150\" height=\"140\" src=\"https:\/\/anciensmeteos.info\/wp-content\/uploads\/2022\/06\/mem_old-150x140.jpg\" alt=\"\" class=\"wp-image-13582 size-thumbnail\"\/><\/a><\/figure><div class=\"wp-block-media-text__content\">\n<p class=\"has-small-font-size wp-block-paragraph\">De vieilles histoires m\u00e9t\u00e9orologiques issues des archives de Jacques Pageix<br>et diffus\u00e9s sur cette revue, clic image pour lire le doc.<\/p>\n<\/div><\/div>\n<\/div>\n<\/div>\n\n\n\n<div class=\"wp-block-columns is-layout-flex wp-container-core-columns-is-layout-8f761849 wp-block-columns-is-layout-flex\">\n<div class=\"wp-block-column is-layout-flow wp-block-column-is-layout-flow\">\n<div class=\"wp-block-media-text alignwide is-stacked-on-mobile\" style=\"grid-template-columns:40% auto\"><figure class=\"wp-block-media-text__media\"><a href=\"http:\/\/atlas.amicale-des-ouragans.org\/\"><img loading=\"lazy\" decoding=\"async\" width=\"150\" height=\"150\" src=\"https:\/\/anciensmeteos.info\/wp-content\/uploads\/2022\/06\/cyclones-150x150.jpg\" alt=\"\" class=\"wp-image-13587 size-thumbnail\"\/><\/a><\/figure><div class=\"wp-block-media-text__content\">\n<p class=\"has-small-font-size wp-block-paragraph\">Site atlas des cyclones des Antilles fran\u00e7aises, propos\u00e9 par Roland Mazurie, clic image pour acc\u00e9der au site.<\/p>\n<\/div><\/div>\n<\/div>\n\n\n\n<div class=\"wp-block-column is-layout-flow wp-block-column-is-layout-flow\">\n<div class=\"wp-block-media-text alignwide is-stacked-on-mobile\" style=\"grid-template-columns:40% auto\"><figure class=\"wp-block-media-text__media\"><a href=\"https:\/\/anciensmeteos.info\/wp-content\/uploads\/aec-pdf\/aec_1014.pdf\"><img loading=\"lazy\" decoding=\"async\" width=\"150\" height=\"150\" src=\"https:\/\/anciensmeteos.info\/wp-content\/uploads\/2022\/06\/hydam-150x150.jpg\" alt=\"\" class=\"wp-image-13590 size-thumbnail\"\/><\/a><\/figure><div class=\"wp-block-media-text__content\">\n<p class=\"has-small-font-size wp-block-paragraph\">Une nouvelle de Georges Sevin lire la pr\u00e9face de l&rsquo;AAM <a href=\"https:\/\/anciensmeteos.info\/wp-content\/uploads\/2022\/06\/preface_aec1014.pdf\">Pr\u00e9face<\/a>, un clic sur l&rsquo;image pour le le doc.<\/p>\n<\/div><\/div>\n<\/div>\n<\/div>\n\n\n\n<div class=\"wp-block-media-text alignwide is-stacked-on-mobile\" style=\"grid-template-columns:35% auto\"><figure class=\"wp-block-media-text__media\"><img loading=\"lazy\" decoding=\"async\" width=\"150\" height=\"150\" src=\"https:\/\/anciensmeteos.info\/wp-content\/uploads\/2022\/06\/archi_nat_baro-150x150.jpg\" alt=\"\" class=\"wp-image-15110 size-thumbnail\"\/><\/figure><div class=\"wp-block-media-text__content\">\n<p class=\"wp-block-paragraph\">[Partenariat] <\/p>\n\n\n\n<figure class=\"wp-block-image size-full\"><img loading=\"lazy\" decoding=\"async\" width=\"180\" height=\"31\" src=\"https:\/\/anciensmeteos.info\/wp-content\/uploads\/2022\/06\/archives_nat2.jpg\" alt=\"\" class=\"wp-image-15114\"\/><\/figure>\n\n\n\n<p class=\"wp-block-paragraph\">Plongez dans le pass\u00e9 des observations m\u00e9t\u00e9orologiques de M\u00e9t\u00e9o-France depuis le portail d&rsquo;archives du climat en ligne : <a href=\"http:\/\/archives-climat.fr\">http:\/\/archives-climat.fr<\/a>. Vous y d\u00e9couvrirez des fonds d&rsquo;archives scientifiques in\u00e9dits et acc\u00e9derez \u00e0 des milliers de relev\u00e9s m\u00e9t\u00e9orologiques anciens. Ces documents sont conserv\u00e9s \u00e0 M\u00e9t\u00e9o-France et aux Archives nationales \u00e0 Pierrefitte-sur-Seine. Ils vous sont pr\u00e9sent\u00e9s gr\u00e2ce au partenariat entre M\u00e9t\u00e9o-France et les Archives nationales mis en place en 2012.<\/p>\n\n\n\n<p class=\"wp-block-paragraph\"><a href=\"https:\/\/www.archives-nationales.culture.gouv.fr\/climat\">https:\/\/www.archives-nationales.culture.gouv.fr\/climat<\/a><\/p>\n<\/div><\/div>\n","protected":false},"excerpt":{"rendered":"<p>Nota : cet ouvrage avait \u00e9t\u00e9 signal\u00e9 dans l\u2019AEC n\u00b0 179, ouvrage issu d&rsquo;un collectif, clic image pour lire le doc. La collection des revues \u201cMet Mar\u201d issue des archives de M\u00e9t\u00e9o-France, clic image pour voir la collection 1953-2007. Livres sur la m\u00e9t\u00e9orologie article paru dans AEC n\u00b0 138, clic image pour lire le doc. &hellip; <a href=\"https:\/\/anciensmeteos.info\/?p=13569\" class=\"more-link\">Continuer la lecture<span class=\"screen-reader-text\"> de &laquo;&nbsp;Publications&nbsp;&raquo;<\/span><\/a><\/p>\n","protected":false},"author":1,"featured_media":0,"comment_status":"closed","ping_status":"closed","sticky":false,"template":"","format":"standard","meta":{"_crdt_document":"","footnotes":""},"categories":[34],"tags":[],"class_list":["post-13569","post","type-post","status-publish","format-standard","hentry","category-memoire"],"_links":{"self":[{"href":"https:\/\/anciensmeteos.info\/index.php?rest_route=\/wp\/v2\/posts\/13569","targetHints":{"allow":["GET"]}}],"collection":[{"href":"https:\/\/anciensmeteos.info\/index.php?rest_route=\/wp\/v2\/posts"}],"about":[{"href":"https:\/\/anciensmeteos.info\/index.php?rest_route=\/wp\/v2\/types\/post"}],"author":[{"embeddable":true,"href":"https:\/\/anciensmeteos.info\/index.php?rest_route=\/wp\/v2\/users\/1"}],"replies":[{"embeddable":true,"href":"https:\/\/anciensmeteos.info\/index.php?rest_route=%2Fwp%2Fv2%2Fcomments&post=13569"}],"version-history":[{"count":0,"href":"https:\/\/anciensmeteos.info\/index.php?rest_route=\/wp\/v2\/posts\/13569\/revisions"}],"wp:attachment":[{"href":"https:\/\/anciensmeteos.info\/index.php?rest_route=%2Fwp%2Fv2%2Fmedia&parent=13569"}],"wp:term":[{"taxonomy":"category","embeddable":true,"href":"https:\/\/anciensmeteos.info\/index.php?rest_route=%2Fwp%2Fv2%2Fcategories&post=13569"},{"taxonomy":"post_tag","embeddable":true,"href":"https:\/\/anciensmeteos.info\/index.php?rest_route=%2Fwp%2Fv2%2Ftags&post=13569"}],"curies":[{"name":"wp","href":"https:\/\/api.w.org\/{rel}","templated":true}]}}