{"id":14370,"date":"2022-08-30T17:41:10","date_gmt":"2022-08-30T15:41:10","guid":{"rendered":"https:\/\/anciensmeteos.info\/?p=14370"},"modified":"2022-09-03T08:48:01","modified_gmt":"2022-09-03T06:48:01","slug":"le-giacre-et-les-meteo-navigants","status":"publish","type":"post","link":"https:\/\/anciensmeteos.info\/?p=14370","title":{"rendered":"Le \u00ab\u00a0GIACRE\u00a0\u00bb et les m\u00e9t\u00e9o navigants"},"content":{"rendered":"<p>Dans le cadre de la mission m\u00e9moire de l\u2019aviation civile, l\u2019association GIACRE (groupement des ing\u00e9nieurs et cadres sup\u00e9rieurs de l\u2019aviation civile en activit\u00e9 ou retrait\u00e9s) a le projet d\u2019un ouvrage sur les \u00ab\u00a0pilotes des corps techniques\u00a0de la navigation a\u00e9rienne \u00bb.<\/p>\n<p>Dans le cadre de leurs missions, ces pilotes ont aussi particip\u00e9 \u00e0 des vols de sondage M\u00e9t\u00e9o, en p\u00e9riode estivale, au d\u00e9part de l\u2019a\u00e9rodrome de Melun-Villaroche, en embarquant des \u00ab\u00a0m\u00e9t\u00e9o navigants\u00a0\u00bb et leur mat\u00e9riel.<\/p>\n<p>Il semblerait donc int\u00e9ressant de consacrer un chapitre de ce projet aux \u00ab\u00a0m\u00e9t\u00e9os navigants\u00a0\u00bb d\u2019autant que ces personnels ont aussi men\u00e9 d\u2019autres missions a\u00e9riennes dans d\u2019autres cadres (recherche, exp\u00e9rimentations\u2026). La M\u00e9t\u00e9o disposait de ses propres moyens a\u00e9riens pour cela.<\/p>\n<p>Le recueil de t\u00e9moignages de ces \u00ab\u00a0m\u00e9t\u00e9os\u00a0\u00bb serait donc le bienvenu, avec l\u2019aide et le soutien de l\u2019AAM (association des anciens m\u00e9t\u00e9os). Vous pouvez envoyer vos contributions \u00e0 Paul Leparoux par mail\u00a0: p.lpx31@orange.fr<\/p>\n<p>Pour information le GIACRE vient de sortir le premier tome d\u2019un ouvrage sur les ing\u00e9nieurs des bases a\u00e9rienne (80 ans de services civils et militaires) et pr\u00e9pare un ouvrage sur le Bureau Enqu\u00eates Analyse \u00e0 sortir prochainement.<\/p>\n<p style=\"text-align: right;\">Paul Leparoux<\/p>\n","protected":false},"excerpt":{"rendered":"<p>Dans le cadre de la mission m\u00e9moire de l\u2019aviation civile, l\u2019association GIACRE (groupement des ing\u00e9nieurs et cadres sup\u00e9rieurs de l\u2019aviation civile en activit\u00e9 ou retrait\u00e9s) a le projet d\u2019un ouvrage sur les \u00ab\u00a0pilotes des corps techniques\u00a0de la navigation a\u00e9rienne \u00bb. Dans le cadre de leurs missions, ces pilotes ont aussi particip\u00e9 \u00e0 des vols de &hellip; <a href=\"https:\/\/anciensmeteos.info\/?p=14370\" class=\"more-link\">Continuer la lecture<span class=\"screen-reader-text\"> de &laquo;&nbsp;Le \u00ab\u00a0GIACRE\u00a0\u00bb et les m\u00e9t\u00e9o navigants&nbsp;&raquo;<\/span><\/a><\/p>\n","protected":false},"author":1,"featured_media":0,"comment_status":"closed","ping_status":"closed","sticky":false,"template":"","format":"standard","meta":{"_crdt_document":"","footnotes":""},"categories":[34],"tags":[],"class_list":["post-14370","post","type-post","status-publish","format-standard","hentry","category-memoire"],"_links":{"self":[{"href":"https:\/\/anciensmeteos.info\/index.php?rest_route=\/wp\/v2\/posts\/14370","targetHints":{"allow":["GET"]}}],"collection":[{"href":"https:\/\/anciensmeteos.info\/index.php?rest_route=\/wp\/v2\/posts"}],"about":[{"href":"https:\/\/anciensmeteos.info\/index.php?rest_route=\/wp\/v2\/types\/post"}],"author":[{"embeddable":true,"href":"https:\/\/anciensmeteos.info\/index.php?rest_route=\/wp\/v2\/users\/1"}],"replies":[{"embeddable":true,"href":"https:\/\/anciensmeteos.info\/index.php?rest_route=%2Fwp%2Fv2%2Fcomments&post=14370"}],"version-history":[{"count":0,"href":"https:\/\/anciensmeteos.info\/index.php?rest_route=\/wp\/v2\/posts\/14370\/revisions"}],"wp:attachment":[{"href":"https:\/\/anciensmeteos.info\/index.php?rest_route=%2Fwp%2Fv2%2Fmedia&parent=14370"}],"wp:term":[{"taxonomy":"category","embeddable":true,"href":"https:\/\/anciensmeteos.info\/index.php?rest_route=%2Fwp%2Fv2%2Fcategories&post=14370"},{"taxonomy":"post_tag","embeddable":true,"href":"https:\/\/anciensmeteos.info\/index.php?rest_route=%2Fwp%2Fv2%2Ftags&post=14370"}],"curies":[{"name":"wp","href":"https:\/\/api.w.org\/{rel}","templated":true}]}}