{"id":14669,"date":"2022-09-22T12:47:26","date_gmt":"2022-09-22T10:47:26","guid":{"rendered":"https:\/\/anciensmeteos.info\/?p=14669"},"modified":"2022-09-22T12:47:26","modified_gmt":"2022-09-22T10:47:26","slug":"ag-autrans-2022","status":"publish","type":"post","link":"https:\/\/anciensmeteos.info\/?p=14669","title":{"rendered":"AG Autrans 2022"},"content":{"rendered":"<p>En attendant le compte-rendu complet de l&rsquo;assembl\u00e9e g\u00e9n\u00e9rale de l&rsquo;AAM 2022 \u00e0 Autrans qui sortira dans le prochain \u00ab\u00a0arc en ciel\u00a0\u00bb, vous trouverez ci-dessous les diapositives pr\u00e9sent\u00e9es lors de l&rsquo;AG :<\/p>\n<p><a href=\"https:\/\/anciensmeteos.info\/wp-content\/uploads\/2022\/09\/PPT_AG_AUTRANS_2022.pptx.pdf\">Diapos de l&rsquo;AG d&rsquo;AUTRANS<\/a><\/p>\n<p>L&rsquo;Assembl\u00e9e g\u00e9n\u00e9rale (AG) et le s\u00e9jour associ\u00e9 se sont d\u00e9roul\u00e9s \u00e0 Autrans dans un climat tr\u00e8s amical et une m\u00e9t\u00e9o beaucoup plus agr\u00e9able que pr\u00e9vu ! Merci \u00e0 Serge Taboulot et \u00e0 Laurent Merindol pour cette organisation parfaite.<\/p>\n<p>L&rsquo;AG de l&rsquo;AAM s&rsquo;est tenue en pr\u00e9sence de Samuel Vincent directeur adjoint de la r\u00e9gion Centre-Est, Nathalie Duarte repr\u00e9sentant la DRH de M\u00e9t\u00e9o-France, Denis Roy chef du centre Alpes du Nord et Marie-Christine Dufresne pr\u00e9sidente de l&rsquo;ANAFACEM.<\/p>\n<p>Le rapport moral, le rapport d&rsquo;activit\u00e9s et le bilan financier 2021 ont \u00e9t\u00e9 approuv\u00e9s \u00e0 l&rsquo;unanimit\u00e9. Quitus a \u00e9t\u00e9 donn\u00e9 au tr\u00e9sorier J.-L. Plazy pour le budget 2021.<\/p>\n<p>Le nouveau logo a \u00e9t\u00e9 pr\u00e9sent\u00e9 (voir diapo) et la modification du r\u00e9glement int\u00e9rieur pr\u00e9cisant le statut des membres associ\u00e9s adopt\u00e9e.<\/p>\n<p>Reine Margueritte a pr\u00e9sent\u00e9 l&rsquo;AG et le s\u00e9jour associ\u00e9 2023 dans le Berry.<\/p>\n<p>Francois Lalaurette a \u00e9t\u00e9 \u00e9lu comme nouveau membre au CA et les membres sortants r\u00e9\u00e9lus.<\/p>\n<p>Suite au souhait de Christine Dreveton de quitter la pr\u00e9sidence fin 2022, le CA s&rsquo;est r\u00e9uni apr\u00e8s l&rsquo;AG pour \u00e9lire le nouveau bureau 2023 dont voici la composition :<\/p>\n<p>Pr\u00e9sident : Jean-Louis Champeaux<\/p>\n<p>Vice-presidents : Jean-Pierre Chalon et Maurice Imbard<\/p>\n<p>Secr\u00e9taire g\u00e9n\u00e9ral : Serge Taboulot<\/p>\n<p>Secr\u00e9taire adjointe : Danielle Garnier<\/p>\n<p>Tr\u00e9sori\u00e8re : Colette Vichery<\/p>\n<p>Tr\u00e9sorier adjoint : Patrick Leroy<\/p>\n<p>Renforts bureau ; Reine Margueritte, Emmanuel Celhay, Jo\u00ebl Hoffman<\/p>\n<p>&nbsp;<\/p>\n<p>L&rsquo;assembl\u00e9e g\u00e9n\u00e9rale s&rsquo;est termin\u00e9e par un expos\u00e9 passionnant de Marie Dumont (chef du CEN) sur la neige.<\/p>\n","protected":false},"excerpt":{"rendered":"<p>En attendant le compte-rendu complet de l&rsquo;assembl\u00e9e g\u00e9n\u00e9rale de l&rsquo;AAM 2022 \u00e0 Autrans qui sortira dans le prochain \u00ab\u00a0arc en ciel\u00a0\u00bb, vous trouverez ci-dessous les diapositives pr\u00e9sent\u00e9es lors de l&rsquo;AG : Diapos de l&rsquo;AG d&rsquo;AUTRANS L&rsquo;Assembl\u00e9e g\u00e9n\u00e9rale (AG) et le s\u00e9jour associ\u00e9 se sont d\u00e9roul\u00e9s \u00e0 Autrans dans un climat tr\u00e8s amical et une m\u00e9t\u00e9o &hellip; <a href=\"https:\/\/anciensmeteos.info\/?p=14669\" class=\"more-link\">Continuer la lecture<span class=\"screen-reader-text\"> de &laquo;&nbsp;AG Autrans 2022&nbsp;&raquo;<\/span><\/a><\/p>\n","protected":false},"author":1,"featured_media":0,"comment_status":"closed","ping_status":"closed","sticky":false,"template":"","format":"standard","meta":{"_crdt_document":"","footnotes":""},"categories":[37],"tags":[],"class_list":["post-14669","post","type-post","status-publish","format-standard","hentry","category-actu"],"_links":{"self":[{"href":"https:\/\/anciensmeteos.info\/index.php?rest_route=\/wp\/v2\/posts\/14669","targetHints":{"allow":["GET"]}}],"collection":[{"href":"https:\/\/anciensmeteos.info\/index.php?rest_route=\/wp\/v2\/posts"}],"about":[{"href":"https:\/\/anciensmeteos.info\/index.php?rest_route=\/wp\/v2\/types\/post"}],"author":[{"embeddable":true,"href":"https:\/\/anciensmeteos.info\/index.php?rest_route=\/wp\/v2\/users\/1"}],"replies":[{"embeddable":true,"href":"https:\/\/anciensmeteos.info\/index.php?rest_route=%2Fwp%2Fv2%2Fcomments&post=14669"}],"version-history":[{"count":0,"href":"https:\/\/anciensmeteos.info\/index.php?rest_route=\/wp\/v2\/posts\/14669\/revisions"}],"wp:attachment":[{"href":"https:\/\/anciensmeteos.info\/index.php?rest_route=%2Fwp%2Fv2%2Fmedia&parent=14669"}],"wp:term":[{"taxonomy":"category","embeddable":true,"href":"https:\/\/anciensmeteos.info\/index.php?rest_route=%2Fwp%2Fv2%2Fcategories&post=14669"},{"taxonomy":"post_tag","embeddable":true,"href":"https:\/\/anciensmeteos.info\/index.php?rest_route=%2Fwp%2Fv2%2Ftags&post=14669"}],"curies":[{"name":"wp","href":"https:\/\/api.w.org\/{rel}","templated":true}]}}