{"id":15044,"date":"2022-10-29T16:59:32","date_gmt":"2022-10-29T14:59:32","guid":{"rendered":"https:\/\/anciensmeteos.info\/?p=15044"},"modified":"2022-10-30T06:48:54","modified_gmt":"2022-10-30T05:48:54","slug":"commentaires-b-bachellez","status":"publish","type":"post","link":"https:\/\/anciensmeteos.info\/?p=15044","title":{"rendered":"Commentaires B. Bachellez"},"content":{"rendered":"<p>Commentaires de l&rsquo;auteur &#8230;<\/p>\n<p>Commentaire de l&rsquo;auteur :<\/p>\n<p><em>\u00ab Mon p\u00e8re a commenc\u00e9 comme stagiaire \u00e0 la station m\u00e9t\u00e9o de Saint-Quentin-Roupy (02). <\/em><br \/><em>Il est affect\u00e9 vers 1950 \u00e0 la station m\u00e9t\u00e9o d\u2019Orl\u00e9ans-Bricy (45) sur la Base a\u00e9rienne 123 du temps du Centre d\u2019essais en vol, <\/em><br \/><em>et enfin en 1960 \u00e0 la station m\u00e9t\u00e9orologique de Chartres-Champhol (28), adjacent \u00e0 la Base a\u00e9rienne 122, jusqu\u2019en 1980 <\/em><br \/><em>o\u00f9 il fut un technicien tr\u00e8s investi. Il participa \u00e0 une mission \u00e0 bord de la fr\u00e9gate m\u00e9t\u00e9o Le Verrier en 1949 <\/em><br \/><em>(hommage \u00e0 l\u2019astronome Urbain Le Verrier (1811-1877), voir sur le site web de l\u2019AAM dans le menu \u00ab M\u00e9moire m\u00e9t\u00e9o \u00bb + \u00ab Personnalit\u00e9s \u00bb).<\/em><\/p>\n<p><em>C\u2019est gr\u00e2ce \u00e0 mon p\u00e8re que j\u2019ai d\u00e9couvert les technologies de l\u2019\u00e9poque : radiosondage par ballon gonfl\u00e9 \u00e0 l\u2019h\u00e9lium, cartes isobariques sorties <\/em><br \/><em>des facsimil\u00e9s, t\u00e9l\u00e9types avec leurs bandes perfor\u00e9es\u2026 J\u2019ai aussi le souvenir d\u2019\u00eatre mont\u00e9 \u00e0 bord du paquebot France au Havre \u00e0 l\u2019\u00e9t\u00e9 1969, <\/em><br \/><em>alors que mon p\u00e8re \u00e9tait en stage de r\u00e9glage des instruments m\u00e9t\u00e9orologiques \u00e0 bord des navires \u00e0 quai.<\/em><\/p>\n<p><em>Tout cela a particip\u00e9 au d\u00e9veloppement intellectuel du jeune gar\u00e7on que j\u2019\u00e9tais et a contribu\u00e9 \u00e0 mon attrait pour les \u00ab choses de l\u2019air \u00bb, pour l\u2019a\u00e9ronautique, notamment lors des meetings a\u00e9riens. Ayant fr\u00e9quent\u00e9 les colonies de vacances de la DGAC, je me suis habitu\u00e9 \u00e0 la vie en collectivit\u00e9 et j\u2019ai int\u00e9gr\u00e9 l\u2019Arm\u00e9e de l\u2019air \u00e0 15 ans comme apprenti pour faire une carri\u00e8re de m\u00e9canicien \u00bb.<\/em><\/p>\n<p><em>En compl\u00e9ment, une photo de la station m\u00e9t\u00e9o de St-Quentin-Roupy (photo Henri BACHELLEZ) non dat\u00e9e mais \u00e9valu\u00e9e vers 1947 ; <\/em><br \/><em>une photo de la station m\u00e9t\u00e9o de Chartres-Champhol en janvier 2013 (photo Beno\u00eet BACHELLEZ), juste avant sa fermeture d\u00e9finitive, <\/em><br \/><em>l\u2019ancien b\u00e2timent d\u2019origine qui \u00e9tait en face a \u00e9t\u00e9 totalement ras\u00e9, et l\u2019enclos ext\u00e9rieur aux instruments est tr\u00e8s r\u00e9duit ; <\/em><br \/><em>mon p\u00e8re montait encore au pyl\u00f4ne de 10m de haut dans les ann\u00e9es 1970-80 pour ses relev\u00e9s.<\/em><\/p>\n<p>\u00a0<\/p>\n<p><em>Cordiales salutations \u00e0 vous et \u00e0 votre \u00e9quipe.<\/em><\/p>\n<p style=\"text-align: right;\"><em>Beno\u00eet BACHELLEZ<\/em><\/p>\n\n\n<div class=\"wp-block-media-text alignwide is-stacked-on-mobile\" style=\"grid-template-columns:30% auto\"><figure class=\"wp-block-media-text__media\"><img loading=\"lazy\" decoding=\"async\" width=\"640\" height=\"480\" src=\"https:\/\/anciensmeteos.info\/wp-content\/uploads\/2022\/10\/Station-Chartres-janvier_2013.jpg\" alt=\"\" class=\"wp-image-15049 size-full\" srcset=\"https:\/\/anciensmeteos.info\/wp-content\/uploads\/2022\/10\/Station-Chartres-janvier_2013.jpg 640w, https:\/\/anciensmeteos.info\/wp-content\/uploads\/2022\/10\/Station-Chartres-janvier_2013-300x225.jpg 300w, https:\/\/anciensmeteos.info\/wp-content\/uploads\/2022\/10\/Station-Chartres-janvier_2013-600x450.jpg 600w\" sizes=\"auto, (max-width: 709px) 85vw, (max-width: 909px) 67vw, (max-width: 984px) 61vw, (max-width: 1362px) 45vw, 600px\" \/><\/figure><div class=\"wp-block-media-text__content\">\n<p class=\"has-small-font-size wp-block-paragraph\">Station m\u00e9t\u00e9o de Chartres-Champhol en janvier 2013.<\/p>\n\n\n\n<p class=\"has-small-font-size wp-block-paragraph\">\u00ab&nbsp;La photo&nbsp; a \u00e9t\u00e9 prise juste avant la fermeture d\u00e9finitive, l\u2019ancien b\u00e2timent d\u2019origine qui \u00e9tait en face a \u00e9t\u00e9 totalement ras\u00e9, et l\u2019enclos ext\u00e9rieur aux instruments est tr\u00e8s r\u00e9duit ; Mon p\u00e8re (Henri Bachellez), montait encore au pyl\u00f4ne de 10m de haut dans les ann\u00e9es 1970-80 pour ses relev\u00e9s.&nbsp;<\/p>\n<\/div><\/div>\n\n\n\n<div class=\"wp-block-media-text alignwide is-stacked-on-mobile\" style=\"grid-template-columns:30% auto\"><figure class=\"wp-block-media-text__media\"><img loading=\"lazy\" decoding=\"async\" width=\"1024\" height=\"645\" src=\"https:\/\/anciensmeteos.info\/wp-content\/uploads\/2022\/10\/Station-meteo-St-Quentin-Roupy-vers-1947-1024x645.jpg\" alt=\"\" class=\"wp-image-15051 size-full\" srcset=\"https:\/\/anciensmeteos.info\/wp-content\/uploads\/2022\/10\/Station-meteo-St-Quentin-Roupy-vers-1947-1024x645.jpg 1024w, https:\/\/anciensmeteos.info\/wp-content\/uploads\/2022\/10\/Station-meteo-St-Quentin-Roupy-vers-1947-300x189.jpg 300w, https:\/\/anciensmeteos.info\/wp-content\/uploads\/2022\/10\/Station-meteo-St-Quentin-Roupy-vers-1947-768x484.jpg 768w, https:\/\/anciensmeteos.info\/wp-content\/uploads\/2022\/10\/Station-meteo-St-Quentin-Roupy-vers-1947-600x378.jpg 600w, https:\/\/anciensmeteos.info\/wp-content\/uploads\/2022\/10\/Station-meteo-St-Quentin-Roupy-vers-1947-1200x756.jpg 1200w, https:\/\/anciensmeteos.info\/wp-content\/uploads\/2022\/10\/Station-meteo-St-Quentin-Roupy-vers-1947.jpg 1276w\" sizes=\"auto, (max-width: 709px) 85vw, (max-width: 909px) 67vw, (max-width: 1362px) 62vw, 840px\" \/><\/figure><div class=\"wp-block-media-text__content\">\n<p class=\"has-small-font-size wp-block-paragraph\">Station m\u00e9t\u00e9o de St-Quentin-Roupy <\/p>\n\n\n\n<p class=\"has-small-font-size wp-block-paragraph\">vers 1947 Henri BACHELLEZ<\/p>\n\n\n\n<p class=\"has-small-font-size wp-block-paragraph\"><\/p>\n<\/div><\/div>\n","protected":false},"excerpt":{"rendered":"<p>Commentaires de l&rsquo;auteur &#8230; Commentaire de l&rsquo;auteur : \u00ab Mon p\u00e8re a commenc\u00e9 comme stagiaire \u00e0 la station m\u00e9t\u00e9o de Saint-Quentin-Roupy (02). Il est affect\u00e9 vers 1950 \u00e0 la station m\u00e9t\u00e9o d\u2019Orl\u00e9ans-Bricy (45) sur la Base a\u00e9rienne 123 du temps du Centre d\u2019essais en vol, et enfin en 1960 \u00e0 la station m\u00e9t\u00e9orologique de Chartres-Champhol &hellip; <a href=\"https:\/\/anciensmeteos.info\/?p=15044\" class=\"more-link\">Continuer la lecture<span class=\"screen-reader-text\"> de &laquo;&nbsp;Commentaires B. Bachellez&nbsp;&raquo;<\/span><\/a><\/p>\n","protected":false},"author":1,"featured_media":0,"comment_status":"closed","ping_status":"closed","sticky":false,"template":"","format":"standard","meta":{"_crdt_document":"","footnotes":""},"categories":[123],"tags":[],"class_list":["post-15044","post","type-post","status-publish","format-standard","hentry","category-divers"],"_links":{"self":[{"href":"https:\/\/anciensmeteos.info\/index.php?rest_route=\/wp\/v2\/posts\/15044","targetHints":{"allow":["GET"]}}],"collection":[{"href":"https:\/\/anciensmeteos.info\/index.php?rest_route=\/wp\/v2\/posts"}],"about":[{"href":"https:\/\/anciensmeteos.info\/index.php?rest_route=\/wp\/v2\/types\/post"}],"author":[{"embeddable":true,"href":"https:\/\/anciensmeteos.info\/index.php?rest_route=\/wp\/v2\/users\/1"}],"replies":[{"embeddable":true,"href":"https:\/\/anciensmeteos.info\/index.php?rest_route=%2Fwp%2Fv2%2Fcomments&post=15044"}],"version-history":[{"count":0,"href":"https:\/\/anciensmeteos.info\/index.php?rest_route=\/wp\/v2\/posts\/15044\/revisions"}],"wp:attachment":[{"href":"https:\/\/anciensmeteos.info\/index.php?rest_route=%2Fwp%2Fv2%2Fmedia&parent=15044"}],"wp:term":[{"taxonomy":"category","embeddable":true,"href":"https:\/\/anciensmeteos.info\/index.php?rest_route=%2Fwp%2Fv2%2Fcategories&post=15044"},{"taxonomy":"post_tag","embeddable":true,"href":"https:\/\/anciensmeteos.info\/index.php?rest_route=%2Fwp%2Fv2%2Ftags&post=15044"}],"curies":[{"name":"wp","href":"https:\/\/api.w.org\/{rel}","templated":true}]}}