{"id":19463,"date":"2024-05-10T19:23:06","date_gmt":"2024-05-10T17:23:06","guid":{"rendered":"https:\/\/anciensmeteos.info\/?p=19463"},"modified":"2026-03-01T14:28:34","modified_gmt":"2026-03-01T13:28:34","slug":"climat-a-propos","status":"publish","type":"post","link":"https:\/\/anciensmeteos.info\/?p=19463","title":{"rendered":"A propos du climat"},"content":{"rendered":"\n<hr class=\"wp-block-separator has-text-color has-alpha-channel-opacity has-background is-style-wide\" style=\"background-color:#0032c8;color:#0032c8\"\/>\n\n\n\n<p class=\"wp-block-paragraph\" style=\"font-size:25px\"><strong>A propos du climat\u2026<\/strong><\/p>\n\n\n<div class=\"wp-block-image\">\n<figure class=\"aligncenter size-large is-resized\"><img decoding=\"async\" src=\"https:\/\/anciensmeteos.info\/wp-content\/uploads\/2025\/02\/Temperature-moyenne-annuelle.jpg\" alt=\"\" style=\"width:650px\"\/><\/figure>\n<\/div>\n\n\n<p class=\"wp-block-paragraph\">A M\u00e9t\u00e9o-France, le <a href=\"https:\/\/meteofrance.fr\/\">site institutionnel<\/a> int\u00e8gre dans l\u2019onglet missions une rubrique sur <a href=\"https:\/\/meteofrance.fr\/missions\/etude-climat\">l\u2019\u00e9tude et le suivi du climat<\/a> et le <a href=\"https:\/\/meteofrance.com\/\">site grand public<\/a> permet d\u2019acc\u00e9der \u00e0 diff\u00e9rents services climatiques en ligne&nbsp;:<\/p>\n\n\n\n<div class=\"wp-block-columns is-layout-flex wp-container-core-columns-is-layout-8f761849 wp-block-columns-is-layout-flex\">\n<div class=\"wp-block-column is-layout-flow wp-block-column-is-layout-flow\" style=\"flex-basis:33.33%\"><div class=\"wp-block-image\">\n<figure class=\"aligncenter size-full is-resized\"><a href=\"https:\/\/anciensmeteos.info\/wp-content\/uploads\/2025\/02\/Bilan-regional-automne-2024.jpg\"><img loading=\"lazy\" decoding=\"async\" width=\"763\" height=\"769\" src=\"https:\/\/anciensmeteos.info\/wp-content\/uploads\/2025\/02\/Bilan-regional-automne-2024.jpg\" alt=\"\" class=\"wp-image-21032\" style=\"width:300px\" srcset=\"https:\/\/anciensmeteos.info\/wp-content\/uploads\/2025\/02\/Bilan-regional-automne-2024.jpg 763w, https:\/\/anciensmeteos.info\/wp-content\/uploads\/2025\/02\/Bilan-regional-automne-2024-298x300.jpg 298w, https:\/\/anciensmeteos.info\/wp-content\/uploads\/2025\/02\/Bilan-regional-automne-2024-150x150.jpg 150w\" sizes=\"auto, (max-width: 709px) 85vw, (max-width: 909px) 67vw, (max-width: 984px) 61vw, (max-width: 1362px) 45vw, 600px\" \/><\/a><\/figure>\n<\/div><\/div>\n\n\n\n<div class=\"wp-block-column is-layout-flow wp-block-column-is-layout-flow\" style=\"flex-basis:66.66%\">\n<ul class=\"wp-block-list\">\n<li>le site <a href=\"https:\/\/www.drias-climat.fr\/\">DRIAS les futurs du climat<\/a> sur lequel on peut comprendre et acc\u00e9der aux derni\u00e8res projections climatiques et consulter le r\u00e9cent rapport de novembre 2024 \u00ab&nbsp;<a href=\"https:\/\/www.drias-climat.fr\/document\/Rapport-TRACC-Partie1-V8-web-72DPI.pdf\">A quel climat s\u2019adapter en France selon la TRACC<\/a>&nbsp;?&nbsp;\u00bb (Trajectoire de R\u00e9chauffement de r\u00e9f\u00e9rence pour l\u2019Adaptation au Changement Climatique) ;<br><br><\/li>\n\n\n\n<li>les outils de diagnostic climatique Climadiag pour <a href=\"https:\/\/climadiag-agriculture.fr\/\">l\u2019agriculture<\/a>, les <a href=\"https:\/\/meteofrance.com\/climadiag-commune\">communes<\/a>, les <a href=\"https:\/\/meteofrance.com\/climadiag-entreprise\">entreprises<\/a>, les \u00eelots de <a href=\"https:\/\/meteofrance.com\/le-changement-climatique\/climadiag-chaleur-en-ville\">chaleur urbaine<\/a> ;<br><br><\/li>\n\n\n\n<li>l\u2019outil <a href=\"https:\/\/meteofrance.com\/climathd\">Climat HD<\/a> sur l\u2019\u00e9volution du climat pass\u00e9 et futur, au niveau national et r\u00e9gional.<\/li>\n<\/ul>\n<\/div>\n<\/div>\n\n\n\n<div class=\"wp-block-columns is-layout-flex wp-container-core-columns-is-layout-8f761849 wp-block-columns-is-layout-flex\">\n<div class=\"wp-block-column is-layout-flow wp-block-column-is-layout-flow\" style=\"flex-basis:33.33%\"><div class=\"wp-block-image\">\n<figure class=\"alignright size-large is-resized\"><a href=\"https:\/\/anciensmeteos.info\/wp-content\/uploads\/2025\/02\/Vagues-de-chaleur-1947-2024.jpg\"><img loading=\"lazy\" decoding=\"async\" width=\"1024\" height=\"665\" src=\"https:\/\/anciensmeteos.info\/wp-content\/uploads\/2025\/02\/Vagues-de-chaleur-1947-2024-1024x665.jpg\" alt=\"\" class=\"wp-image-21034\" style=\"width:300px\" srcset=\"https:\/\/anciensmeteos.info\/wp-content\/uploads\/2025\/02\/Vagues-de-chaleur-1947-2024-1024x665.jpg 1024w, https:\/\/anciensmeteos.info\/wp-content\/uploads\/2025\/02\/Vagues-de-chaleur-1947-2024-300x195.jpg 300w, https:\/\/anciensmeteos.info\/wp-content\/uploads\/2025\/02\/Vagues-de-chaleur-1947-2024-768x499.jpg 768w, https:\/\/anciensmeteos.info\/wp-content\/uploads\/2025\/02\/Vagues-de-chaleur-1947-2024.jpg 1038w\" sizes=\"auto, (max-width: 709px) 85vw, (max-width: 909px) 67vw, (max-width: 1362px) 62vw, 840px\" \/><\/a><\/figure>\n<\/div><\/div>\n\n\n\n<div class=\"wp-block-column is-layout-flow wp-block-column-is-layout-flow\" style=\"flex-basis:66.66%\">\n<p class=\"wp-block-paragraph\">Sur le site <a href=\"https:\/\/donneespubliques.meteofrance.fr\/?fond=rubrique&amp;id_rubrique=29\">donneespubliques.meteofrance.fr<\/a>, on acc\u00e8de aux donn\u00e9es, fiches et bulletins climatiques mensuels sur la France, ainsi qu\u2019\u00e0 des longues s\u00e9ries de donn\u00e9es homog\u00e9n\u00e9is\u00e9es. La migration vers le portail Open Data <a href=\"https:\/\/meteo.data.gouv.fr\/\">meteo.data.gouv.fr<\/a> est en cours. Y sont d\u2019ores et d\u00e9j\u00e0 accessibles les donn\u00e9es climatiques de base et celles de r\u00e9f\u00e9rence pour le changement climatique.<\/p>\n<\/div>\n<\/div>\n\n\n\n<p class=\"wp-block-paragraph\">L\u2019association <a href=\"https:\/\/meteoetclimat.fr\/\">M\u00e9t\u00e9o et Climat<\/a> publie la revue \u00ab La M\u00e9t\u00e9orologie \u00bb, dont certains num\u00e9ros sont en acc\u00e8s libre sur internet. Plusieurs articles y sont consacr\u00e9s au climat.<\/p>\n\n\n\n<p class=\"wp-block-paragraph\">L\u2019association <a href=\"https:\/\/www.infoclimat.fr\/\">Infoclimat<\/a> propose une page d\u00e9di\u00e9e \u00e0 la <a href=\"https:\/\/www.infoclimat.fr\/climatologie\/\">climatologie<\/a> avec normales et records.<\/p>\n\n\n\n<p class=\"wp-block-paragraph\">&nbsp;<\/p>\n","protected":false},"excerpt":{"rendered":"<p>A propos du climat\u2026 A M\u00e9t\u00e9o-France, le site institutionnel int\u00e8gre dans l\u2019onglet missions une rubrique sur l\u2019\u00e9tude et le suivi du climat et le site grand public permet d\u2019acc\u00e9der \u00e0 diff\u00e9rents services climatiques en ligne&nbsp;: Sur le site donneespubliques.meteofrance.fr, on acc\u00e8de aux donn\u00e9es, fiches et bulletins climatiques mensuels sur la France, ainsi qu\u2019\u00e0 des longues &hellip; <a href=\"https:\/\/anciensmeteos.info\/?p=19463\" class=\"more-link\">Continuer la lecture<span class=\"screen-reader-text\"> de &laquo;&nbsp;A propos du climat&nbsp;&raquo;<\/span><\/a><\/p>\n","protected":false},"author":1,"featured_media":0,"comment_status":"closed","ping_status":"closed","sticky":false,"template":"","format":"standard","meta":{"_crdt_document":"","footnotes":""},"categories":[54],"tags":[],"class_list":["post-19463","post","type-post","status-publish","format-standard","hentry","category-climat"],"_links":{"self":[{"href":"https:\/\/anciensmeteos.info\/index.php?rest_route=\/wp\/v2\/posts\/19463","targetHints":{"allow":["GET"]}}],"collection":[{"href":"https:\/\/anciensmeteos.info\/index.php?rest_route=\/wp\/v2\/posts"}],"about":[{"href":"https:\/\/anciensmeteos.info\/index.php?rest_route=\/wp\/v2\/types\/post"}],"author":[{"embeddable":true,"href":"https:\/\/anciensmeteos.info\/index.php?rest_route=\/wp\/v2\/users\/1"}],"replies":[{"embeddable":true,"href":"https:\/\/anciensmeteos.info\/index.php?rest_route=%2Fwp%2Fv2%2Fcomments&post=19463"}],"version-history":[{"count":2,"href":"https:\/\/anciensmeteos.info\/index.php?rest_route=\/wp\/v2\/posts\/19463\/revisions"}],"predecessor-version":[{"id":22082,"href":"https:\/\/anciensmeteos.info\/index.php?rest_route=\/wp\/v2\/posts\/19463\/revisions\/22082"}],"wp:attachment":[{"href":"https:\/\/anciensmeteos.info\/index.php?rest_route=%2Fwp%2Fv2%2Fmedia&parent=19463"}],"wp:term":[{"taxonomy":"category","embeddable":true,"href":"https:\/\/anciensmeteos.info\/index.php?rest_route=%2Fwp%2Fv2%2Fcategories&post=19463"},{"taxonomy":"post_tag","embeddable":true,"href":"https:\/\/anciensmeteos.info\/index.php?rest_route=%2Fwp%2Fv2%2Ftags&post=19463"}],"curies":[{"name":"wp","href":"https:\/\/api.w.org\/{rel}","templated":true}]}}