{"id":20469,"date":"2024-11-09T00:24:59","date_gmt":"2024-11-08T23:24:59","guid":{"rendered":"https:\/\/anciensmeteos.info\/?p=20469"},"modified":"2024-11-10T12:17:43","modified_gmt":"2024-11-10T11:17:43","slug":"tout-sur-le-colloque-meteo-et-sante","status":"publish","type":"post","link":"https:\/\/anciensmeteos.info\/?p=20469","title":{"rendered":"Tout sur le colloque m\u00e9t\u00e9o et sant\u00e9"},"content":{"rendered":"\n<hr class=\"wp-block-separator has-text-color has-alpha-channel-opacity has-background is-style-wide\" style=\"background-color:#0032c8;color:#0032c8\"\/>\n\n\n\n<p class=\"wp-block-paragraph\" style=\"font-size:25px\"><strong>Tout sur le colloque \u00ab\u00a0M\u00e9t\u00e9o, sant\u00e9 et changement climatique en m\u00e9tropole et outre-mer\u00a0\u00bb<\/strong><\/p>\n\n\n\n<p class=\"wp-block-paragraph\">Le colloque \u00ab M\u00e9t\u00e9orologie, sant\u00e9 et changement climatique en m\u00e9tropole et en outre-mer \u00bb, organis\u00e9 par l\u2019Association des Anciens de la M\u00e9t\u00e9orologie, a connu un vif succ\u00e8s&nbsp;: plus de 130 participants en pr\u00e9sentiel et en distanciel y ont assist\u00e9 le mardi 5 novembre apr\u00e8s-midi depuis le centre international de conf\u00e9rences (CIC) de M\u00e9t\u00e9o-France \u00e0&nbsp;Toulouse.<br>Le rapport 2024 de la revue The Lancet montre que les populations du monde entier sont confront\u00e9es \u00e0 des menaces sans pr\u00e9c\u00e9dent pour leur bien-\u00eatre, leur sant\u00e9 et leur survie en raison de la rapidit\u00e9 du changement climatique.<br>Lors de ce colloque, neuf experts du domaine ont assur\u00e9 des pr\u00e9sentations sur leurs th\u00e8mes de pr\u00e9dilection et ont r\u00e9pondu aux questions pos\u00e9es lors des deux sessions pr\u00e9vues \u00e0 cet effet.<br><br>Sur les aspects m\u00e9t\u00e9orologie et changement climatique, pour M\u00e9t\u00e9o-France, Michel Schneider de la Direction de la Climatologie et des Services Climatiques, Ali Bel Madani, enseignant-chercheur \u00e0 l\u2019\u00c9cole Nationale de la M\u00e9t\u00e9orologie et au Centre National de Recherches M\u00e9t\u00e9orologiques, Gr\u00e9gory Fifre et Aur\u00e9lie Poyet de la Direction des Services M\u00e9t\u00e9orologiques ont pr\u00e9sent\u00e9 les perspectives d\u2019\u00e9volution en termes de vagues de chaleur, d\u2019extr\u00eames de chaleur humide en outre-mer, d\u2019indice UV, d\u2019indices de confort thermique ou d\u2019\u00eelot de chaleur urbain.<br>Sur les aspects sant\u00e9 et changement climatique, le Dr Gr\u00e9goire Mercier du CHU de Montpellier, le Pr Pierre Alexis Geoffroy de l\u2019AP-HP, le Pr Pierre Charles Maria d\u2019Atmo France, Fr\u00e9d\u00e9rik Meleux de l\u2019INERIS et Samuel Monnier du RNSA ont pr\u00e9sent\u00e9 pour leurs domaines respectifs (sant\u00e9 physique &amp; mentale, qualit\u00e9 de l\u2019air &amp; pollution, pollens) les \u00e9volutions \u00e0 venir et les pistes d\u2019adaptation possibles pour limiter l\u2019impact du changement climatique.<br><a href=\"https:\/\/fr.linkedin.com\/in\/karine-laaidi-87216565?original_referer=https%3A%2F%2Fwww.google.com%2F\"><\/a>Karine Laaidi de Sant\u00e9 Publique France et Dominique Tilak d\u2019Atmo Occitanie ont \u00e9galement particip\u00e9 aux deux sessions de questions-r\u00e9ponses.<br><br>L\u2019ensemble des pr\u00e9sentations et des \u00e9changes a mis en \u00e9vidence l\u2019obligation d\u2019accentuer les efforts pour limiter le changement climatique et d\u2019att\u00e9nuer les impacts sur la sant\u00e9 dans les d\u00e9cennies \u00e0 venir. Cela n\u00e9cessite&nbsp;:<br>&#8211; des pr\u00e9visions de plus en plus pr\u00e9cises des conditions m\u00e9t\u00e9orologiques \u00e0 venir, particuli\u00e8rement pour les ph\u00e9nom\u00e8nes extr\u00eames&nbsp;;<br>&#8211; une collaboration \u00e9troite entre tous les acteurs concern\u00e9s au travers des diff\u00e9rents organismes et, de fait, d\u00e9j\u00e0 impliqu\u00e9s dans des actions ou des \u00e9tudes conjointes, comme cela a \u00e9t\u00e9 vu en s\u00e9ance&nbsp;;<br>&#8211; des actions d\u2019\u00e9ducation et de pr\u00e9vention vers le grand public, pour l\u2019accompagner et lui permettre de s\u2019adapter \u00e0 ces changements&nbsp;;<br>&#8211; des actions d\u2019adaptation pour limiter les impacts du changement climatique.&nbsp;<\/p>\n\n\n\n<div class=\"wp-block-columns is-layout-flex wp-container-core-columns-is-layout-8f761849 wp-block-columns-is-layout-flex\">\n<div class=\"wp-block-column is-layout-flow wp-block-column-is-layout-flow\">\n<p class=\"wp-block-paragraph\">Merci aux intervenants et au personnel du CIC pour avoir permis la bonne tenue de ce colloque sur ce sujet d\u2019int\u00e9r\u00eat g\u00e9n\u00e9ral.<br><br>Rendez-vous dans un an pour une prochaine conf\u00e9rence sur une nouvelle th\u00e9matique&nbsp;!<\/p>\n<\/div>\n\n\n\n<div class=\"wp-block-column is-layout-flow wp-block-column-is-layout-flow\">\n<figure class=\"wp-block-image size-large\"><a href=\"https:\/\/youtu.be\/cDNZCs6DghE\" target=\"_blank\" rel=\"noreferrer noopener\"><img decoding=\"async\" src=\"https:\/\/anciensmeteos.info\/wp-content\/uploads\/2024\/11\/20241105-colloque-sante-intro-red3.png\" alt=\"\"\/><\/a><\/figure>\n<\/div>\n<\/div>\n\n\n\n<hr class=\"wp-block-separator has-text-color has-alpha-channel-opacity has-background is-style-wide\" style=\"background-color:#0032c8;color:#0032c8\"\/>\n\n\n\n<p class=\"has-text-align-center wp-block-paragraph\"><strong>Les pr\u00e9sentations des intervenants<\/strong><br>(dans l&rsquo;ordre de passage)<\/p>\n\n\n\n<div class=\"wp-block-columns is-layout-flex wp-container-core-columns-is-layout-8f761849 wp-block-columns-is-layout-flex\">\n<div class=\"wp-block-column is-layout-flow wp-block-column-is-layout-flow\">\n<div class=\"wp-block-buttons is-layout-flex wp-block-buttons-is-layout-flex\">\n<div class=\"wp-block-button has-custom-font-size has-small-font-size\" style=\"text-transform:none\"><a class=\"wp-block-button__link has-white-color has-bright-blue-background-color has-text-color has-background has-link-color wp-element-button\" href=\"https:\/\/anciensmeteos.info\/wp-content\/uploads\/2024\/11\/20241105-1-colloque-meteo-sante-Schneider.pdf\" style=\"border-radius:12px\" target=\"_blank\" rel=\"noreferrer noopener\">Michel Schneider : l\u2019\u00e9volution des vagues de chaleur dans le contexte du changement climatique<\/a><\/div>\n<\/div>\n<\/div>\n\n\n\n<div class=\"wp-block-column is-layout-flow wp-block-column-is-layout-flow\">\n<div class=\"wp-block-buttons is-layout-flex wp-block-buttons-is-layout-flex\">\n<div class=\"wp-block-button has-custom-font-size has-small-font-size\" style=\"text-transform:none\"><a class=\"wp-block-button__link has-white-color has-bright-blue-background-color has-text-color has-background has-link-color wp-element-button\" href=\"https:\/\/anciensmeteos.info\/wp-content\/uploads\/2024\/11\/20241105-2-colloque-meteo-sante-BelMadani.pdf\" style=\"border-radius:12px\" target=\"_blank\" rel=\"noreferrer noopener\">Ali Bel Madani : extr\u00eames de chaleur humide outre-mer en climat changeant<\/a><\/div>\n<\/div>\n<\/div>\n\n\n\n<div class=\"wp-block-column is-layout-flow wp-block-column-is-layout-flow\">\n<div class=\"wp-block-buttons is-layout-flex wp-block-buttons-is-layout-flex\">\n<div class=\"wp-block-button has-custom-font-size has-small-font-size\" style=\"text-transform:none\"><a class=\"wp-block-button__link has-white-color has-bright-blue-background-color has-text-color has-background has-link-color wp-element-button\" href=\"https:\/\/anciensmeteos.info\/wp-content\/uploads\/2024\/11\/20241105-3-colloque-meteo-sante-Mercier.pdf\" style=\"border-radius:12px\" target=\"_blank\" rel=\"noreferrer noopener\">Dr Gr\u00e9goire Mercier : changement climatique &amp; sant\u00e9 humaine<\/a><\/div>\n<\/div>\n<\/div>\n<\/div>\n\n\n\n<div class=\"wp-block-columns is-layout-flex wp-container-core-columns-is-layout-8f761849 wp-block-columns-is-layout-flex\">\n<div class=\"wp-block-column is-layout-flow wp-block-column-is-layout-flow\">\n<div class=\"wp-block-buttons is-layout-flex wp-block-buttons-is-layout-flex\">\n<div class=\"wp-block-button has-custom-font-size has-small-font-size\" style=\"text-transform:none\"><a class=\"wp-block-button__link has-white-color has-bright-blue-background-color has-text-color has-background has-link-color wp-element-button\" href=\"https:\/\/anciensmeteos.info\/wp-content\/uploads\/2024\/11\/20241105-4-colloque-meteo-sante-Meleux.pdf\" style=\"border-radius:12px\" target=\"_blank\" rel=\"noreferrer noopener\">Fr\u00e9d\u00e9rik Meleux : \u00e9tudier la qualit\u00e9 de l&rsquo;air dans un contexte de changement climatique<\/a><\/div>\n<\/div>\n<\/div>\n\n\n\n<div class=\"wp-block-column is-layout-flow wp-block-column-is-layout-flow\">\n<div class=\"wp-block-buttons is-layout-flex wp-block-buttons-is-layout-flex\">\n<div class=\"wp-block-button has-custom-font-size has-small-font-size\" style=\"text-transform:none\"><a class=\"wp-block-button__link has-white-color has-bright-blue-background-color has-text-color has-background has-link-color wp-element-button\" href=\"https:\/\/anciensmeteos.info\/wp-content\/uploads\/2024\/11\/20241105-5-colloque-meteo-sante-Monnier.pdf\" style=\"border-radius:12px\" target=\"_blank\" rel=\"noreferrer noopener\">Samuel Monnier : impact du changement climatique sur les pollens<\/a><\/div>\n<\/div>\n<\/div>\n\n\n\n<div class=\"wp-block-column is-layout-flow wp-block-column-is-layout-flow\">\n<div class=\"wp-block-buttons is-layout-flex wp-block-buttons-is-layout-flex\">\n<div class=\"wp-block-button has-custom-font-size has-small-font-size\" style=\"text-transform:none\"><a class=\"wp-block-button__link has-white-color has-bright-blue-background-color has-text-color has-background has-link-color wp-element-button\" href=\"https:\/\/anciensmeteos.info\/wp-content\/uploads\/2024\/11\/20241105-6-colloque-meteo-sante-Fifre.pdf\" style=\"border-radius:12px\" target=\"_blank\" rel=\"noreferrer noopener\">Gr\u00e9gory Fifre : impact du changement climatique pour les aspects UV &amp; confort thermique<\/a><\/div>\n<\/div>\n<\/div>\n<\/div>\n\n\n\n<div class=\"wp-block-columns is-layout-flex wp-container-core-columns-is-layout-8f761849 wp-block-columns-is-layout-flex\">\n<div class=\"wp-block-column is-layout-flow wp-block-column-is-layout-flow\">\n<div class=\"wp-block-buttons is-layout-flex wp-block-buttons-is-layout-flex\">\n<div class=\"wp-block-button has-custom-font-size has-small-font-size\" style=\"text-transform:none\"><a class=\"wp-block-button__link has-white-color has-bright-blue-background-color has-text-color has-background has-link-color wp-element-button\" href=\"https:\/\/anciensmeteos.info\/wp-content\/uploads\/2024\/11\/20241105-7-colloque-meteo-sante-Geoffroy.pdf\" style=\"border-radius:12px\" target=\"_blank\" rel=\"noreferrer noopener\">Pierre A. Geoffroy : impact du changement climatique sur la sant\u00e9 mental<\/a><\/div>\n<\/div>\n<\/div>\n\n\n\n<div class=\"wp-block-column is-layout-flow wp-block-column-is-layout-flow\">\n<div class=\"wp-block-buttons is-layout-flex wp-block-buttons-is-layout-flex\">\n<div class=\"wp-block-button has-custom-font-size has-small-font-size\" style=\"text-transform:none\"><a class=\"wp-block-button__link has-white-color has-bright-blue-background-color has-text-color has-background has-link-color wp-element-button\" href=\"https:\/\/anciensmeteos.info\/wp-content\/uploads\/2024\/11\/20241105-8-colloque-meteo-sante-Maria.pdf\" style=\"border-radius:12px\" target=\"_blank\" rel=\"noreferrer noopener\">Pierre Charles Maria : communication d\u2019Atmo-France autour de la qualit\u00e9 de l\u2019air<\/a><\/div>\n<\/div>\n<\/div>\n\n\n\n<div class=\"wp-block-column is-layout-flow wp-block-column-is-layout-flow\">\n<div class=\"wp-block-buttons is-layout-flex wp-block-buttons-is-layout-flex\">\n<div class=\"wp-block-button has-custom-font-size has-small-font-size\" style=\"text-transform:none\"><a class=\"wp-block-button__link has-white-color has-bright-blue-background-color has-text-color has-background has-link-color wp-element-button\" href=\"https:\/\/anciensmeteos.info\/wp-content\/uploads\/2024\/11\/20241105-9-colloque-meteo-sante-Poyet.pdf\" style=\"border-radius:12px\" target=\"_blank\" rel=\"noreferrer noopener\">Aur\u00e9lie Poyet : villes : comprendre la surchauffe urbaine et adapter le territoire<\/a><\/div>\n<\/div>\n<\/div>\n<\/div>\n\n\n\n<hr class=\"wp-block-separator has-text-color has-alpha-channel-opacity has-background is-style-wide\" style=\"background-color:#0032c8;color:#0032c8\"\/>\n\n\n\n<p class=\"has-text-align-center wp-block-paragraph\"><strong>Album photo<\/strong><\/p>\n\n\n\n<div class=\"wp-block-columns is-layout-flex wp-container-core-columns-is-layout-8f761849 wp-block-columns-is-layout-flex\">\n<div class=\"wp-block-column is-layout-flow wp-block-column-is-layout-flow\">\n<figure class=\"wp-block-image size-large\"><img decoding=\"async\" src=\"https:\/\/anciensmeteos.info\/wp-content\/uploads\/2024\/11\/20241105-colloque-sante-01-red.jpg\" alt=\"\"\/><\/figure>\n\n\n\n<p class=\"has-text-align-center wp-block-paragraph\">L&rsquo;introduction de Jean-Louis Champeaux, pr\u00e9sident de l&rsquo;AAM<\/p>\n<\/div>\n\n\n\n<div class=\"wp-block-column is-layout-flow wp-block-column-is-layout-flow\">\n<figure class=\"wp-block-image size-large\"><img decoding=\"async\" src=\"https:\/\/anciensmeteos.info\/wp-content\/uploads\/2024\/11\/20241105-colloque-sante-03-red.jpg\" alt=\"\"\/><\/figure>\n\n\n\n<p class=\"has-text-align-center wp-block-paragraph\">En pr\u00e9sentiel&#8230;<\/p>\n<\/div>\n\n\n\n<div class=\"wp-block-column is-layout-flow wp-block-column-is-layout-flow\">\n<figure class=\"wp-block-image size-large\"><img decoding=\"async\" src=\"https:\/\/anciensmeteos.info\/wp-content\/uploads\/2024\/11\/20241105-colloque-sante-04-red.jpg\" alt=\"\"\/><\/figure>\n\n\n\n<p class=\"has-text-align-center wp-block-paragraph\">L&rsquo;accueil de Jean-Marie Carri\u00e8re, directeur des services m\u00e9t\u00e9orologiques (M\u00e9t\u00e9o-France)<\/p>\n<\/div>\n<\/div>\n\n\n\n<p class=\"wp-block-paragraph\"><a id=\"_msocom_1\"><\/a><\/p>\n\n\n\n<div class=\"wp-block-columns is-layout-flex wp-container-core-columns-is-layout-8f761849 wp-block-columns-is-layout-flex\">\n<div class=\"wp-block-column is-layout-flow wp-block-column-is-layout-flow\">\n<figure class=\"wp-block-image size-large\"><img decoding=\"async\" src=\"https:\/\/anciensmeteos.info\/wp-content\/uploads\/2024\/11\/20241105-colloque-sante-05-red.jpg\" alt=\"\"\/><\/figure>\n\n\n\n<p class=\"has-text-align-center wp-block-paragraph\">Michel Schneider<\/p>\n<\/div>\n\n\n\n<div class=\"wp-block-column is-layout-flow wp-block-column-is-layout-flow\">\n<figure class=\"wp-block-image size-large\"><img decoding=\"async\" src=\"https:\/\/anciensmeteos.info\/wp-content\/uploads\/2024\/11\/20241105-colloque-sante-07-red.jpg\" alt=\"\"\/><\/figure>\n\n\n\n<p class=\"has-text-align-center wp-block-paragraph\">Ali Bel Madani<\/p>\n<\/div>\n\n\n\n<div class=\"wp-block-column is-layout-flow wp-block-column-is-layout-flow\">\n<figure class=\"wp-block-image size-large\"><img decoding=\"async\" src=\"https:\/\/anciensmeteos.info\/wp-content\/uploads\/2024\/11\/20241105-colloque-sante-09-red.jpg\" alt=\"\"\/><\/figure>\n\n\n\n<p class=\"has-text-align-center wp-block-paragraph\">L&rsquo;amphi du CIC<\/p>\n<\/div>\n<\/div>\n\n\n\n<div class=\"wp-block-columns is-layout-flex wp-container-core-columns-is-layout-8f761849 wp-block-columns-is-layout-flex\">\n<div class=\"wp-block-column is-layout-flow wp-block-column-is-layout-flow\">\n<figure class=\"wp-block-image size-large\"><img decoding=\"async\" src=\"https:\/\/anciensmeteos.info\/wp-content\/uploads\/2024\/11\/20241105-colloque-sante-10-red.jpg\" alt=\"\"\/><\/figure>\n\n\n\n<p class=\"has-text-align-center wp-block-paragraph\">Fr\u00e9d\u00e9rik Meleux<\/p>\n<\/div>\n\n\n\n<div class=\"wp-block-column is-layout-flow wp-block-column-is-layout-flow\">\n<figure class=\"wp-block-image size-large\"><img decoding=\"async\" src=\"https:\/\/anciensmeteos.info\/wp-content\/uploads\/2024\/11\/20241105-colloque-sante-11-red.jpg\" alt=\"\"\/><\/figure>\n\n\n\n<p class=\"has-text-align-center wp-block-paragraph\">Samuel Monnier<\/p>\n<\/div>\n\n\n\n<div class=\"wp-block-column is-layout-flow wp-block-column-is-layout-flow\">\n<figure class=\"wp-block-image size-large\"><img decoding=\"async\" src=\"https:\/\/anciensmeteos.info\/wp-content\/uploads\/2024\/11\/20241105-colloque-sante-13-red.jpg\" alt=\"\"\/><\/figure>\n\n\n\n<p class=\"has-text-align-center wp-block-paragraph\">Les experts en pr\u00e9sentiel<\/p>\n<\/div>\n<\/div>\n\n\n\n<div class=\"wp-block-columns is-layout-flex wp-container-core-columns-is-layout-8f761849 wp-block-columns-is-layout-flex\">\n<div class=\"wp-block-column is-layout-flow wp-block-column-is-layout-flow\">\n<figure class=\"wp-block-image size-large\"><img decoding=\"async\" src=\"https:\/\/anciensmeteos.info\/wp-content\/uploads\/2024\/11\/20241105-colloque-sante-14-red.jpg\" alt=\"\"\/><\/figure>\n\n\n\n<p class=\"has-text-align-center wp-block-paragraph\">Isabelle Donet \u00e0 l&rsquo;animation<\/p>\n<\/div>\n\n\n\n<div class=\"wp-block-column is-layout-flow wp-block-column-is-layout-flow\">\n<figure class=\"wp-block-image size-large\"><img decoding=\"async\" src=\"https:\/\/anciensmeteos.info\/wp-content\/uploads\/2024\/11\/20241105-colloque-sante-20-red.jpg\" alt=\"\"\/><\/figure>\n\n\n\n<p class=\"has-text-align-center wp-block-paragraph\">La visioconf\u00e9rence utilis\u00e9e pour une partie des experts<\/p>\n<\/div>\n\n\n\n<div class=\"wp-block-column is-layout-flow wp-block-column-is-layout-flow\">\n<figure class=\"wp-block-image size-large\"><img decoding=\"async\" src=\"https:\/\/anciensmeteos.info\/wp-content\/uploads\/2024\/11\/20241105-colloque-sante-28-red.png\" alt=\"\"\/><\/figure>\n\n\n\n<p class=\"wp-block-paragraph\">Les intervenants \u00e0 distance (de gauche \u00e0 droite et du haut en bas) : Gr\u00e9gory Fifre, Pierre A. Geoffroy, Gr\u00e9goire Mercier, Pierre Charles Maria et Aur\u00e9lie Poyet<\/p>\n<\/div>\n<\/div>\n\n\n\n\n","protected":false},"excerpt":{"rendered":"<p>Tout sur le colloque \u00ab\u00a0M\u00e9t\u00e9o, sant\u00e9 et changement climatique en m\u00e9tropole et outre-mer\u00a0\u00bb Le colloque \u00ab M\u00e9t\u00e9orologie, sant\u00e9 et changement climatique en m\u00e9tropole et en outre-mer \u00bb, organis\u00e9 par l\u2019Association des Anciens de la M\u00e9t\u00e9orologie, a connu un vif succ\u00e8s&nbsp;: plus de 130 participants en pr\u00e9sentiel et en distanciel y ont assist\u00e9 le mardi 5 &hellip; <a href=\"https:\/\/anciensmeteos.info\/?p=20469\" class=\"more-link\">Continuer la lecture<span class=\"screen-reader-text\"> de &laquo;&nbsp;Tout sur le colloque m\u00e9t\u00e9o et sant\u00e9&nbsp;&raquo;<\/span><\/a><\/p>\n","protected":false},"author":2,"featured_media":0,"comment_status":"closed","ping_status":"closed","sticky":false,"template":"","format":"standard","meta":{"_crdt_document":"","footnotes":""},"categories":[37,55],"tags":[],"class_list":["post-20469","post","type-post","status-publish","format-standard","hentry","category-actu","category-conferences"],"_links":{"self":[{"href":"https:\/\/anciensmeteos.info\/index.php?rest_route=\/wp\/v2\/posts\/20469","targetHints":{"allow":["GET"]}}],"collection":[{"href":"https:\/\/anciensmeteos.info\/index.php?rest_route=\/wp\/v2\/posts"}],"about":[{"href":"https:\/\/anciensmeteos.info\/index.php?rest_route=\/wp\/v2\/types\/post"}],"author":[{"embeddable":true,"href":"https:\/\/anciensmeteos.info\/index.php?rest_route=\/wp\/v2\/users\/2"}],"replies":[{"embeddable":true,"href":"https:\/\/anciensmeteos.info\/index.php?rest_route=%2Fwp%2Fv2%2Fcomments&post=20469"}],"version-history":[{"count":2,"href":"https:\/\/anciensmeteos.info\/index.php?rest_route=\/wp\/v2\/posts\/20469\/revisions"}],"predecessor-version":[{"id":20551,"href":"https:\/\/anciensmeteos.info\/index.php?rest_route=\/wp\/v2\/posts\/20469\/revisions\/20551"}],"wp:attachment":[{"href":"https:\/\/anciensmeteos.info\/index.php?rest_route=%2Fwp%2Fv2%2Fmedia&parent=20469"}],"wp:term":[{"taxonomy":"category","embeddable":true,"href":"https:\/\/anciensmeteos.info\/index.php?rest_route=%2Fwp%2Fv2%2Fcategories&post=20469"},{"taxonomy":"post_tag","embeddable":true,"href":"https:\/\/anciensmeteos.info\/index.php?rest_route=%2Fwp%2Fv2%2Ftags&post=20469"}],"curies":[{"name":"wp","href":"https:\/\/api.w.org\/{rel}","templated":true}]}}