{"id":4316,"date":"2019-07-02T20:16:37","date_gmt":"2019-07-02T18:16:37","guid":{"rendered":"http:\/\/anciensmbh.cluster026.hosting.ovh.net\/?p=4316"},"modified":"2020-08-19T07:31:47","modified_gmt":"2020-08-19T05:31:47","slug":"le-deroule-de-lag-2019","status":"publish","type":"post","link":"https:\/\/anciensmeteos.info\/?p=4316","title":{"rendered":"Le d\u00e9roul\u00e9 de l&rsquo;AG 2019"},"content":{"rendered":"<p>Ci-dessous le d\u00e9roul\u00e9 de l&rsquo;AG 2019 qui s&rsquo;est tenue \u00e0 Saint-Germain au Mont d&rsquo;Or proche banlieue de Lyon.<\/p>\n<p>Pr\u00e9sentation du rapport d&rsquo;activit\u00e9s :\u00a0<a href=\"https:\/\/anciensmeteos.info\/wp-content\/uploads\/2019\/07\/rapport-activites2019.pdf\" target=\"_blank\" rel=\"noopener noreferrer\">Le rapport d&rsquo;activit\u00e9s &#8211; AG 2019<\/a><\/p>\n<p>Pr\u00e9sentation du rapport moral :\u00a0<a href=\"https:\/\/anciensmeteos.info\/wp-content\/uploads\/2019\/07\/rapport-moral2019.pdf\" target=\"_blank\" rel=\"noopener noreferrer\">Le rapport moral &#8211; AG 2019<\/a><\/p>\n<p>Bilan financier :\u00a0<a href=\"https:\/\/anciensmeteos.info\/wp-content\/uploads\/2019\/07\/rapport-financier-exercice2018.pdf\" target=\"_blank\" rel=\"noopener noreferrer\">Exercice 2018 &#8211; AG 2019<\/a><\/p>\n<p>V\u00e9rificateur aux comptes :\u00a0<a href=\"https:\/\/anciensmeteos.info\/wp-content\/uploads\/2019\/07\/verificateurs-comptes.pdf\" target=\"_blank\" rel=\"noopener noreferrer\">V\u00e9rificateurs aux comptes<\/a><\/p>\n<p>Le voyage de printemps 2020 croisi\u00e8re \u00e0 la rencontre des peintres impressionnistes :\u00a0<a href=\"https:\/\/anciensmeteos.info\/wp-content\/uploads\/2019\/07\/croisiere2020.pdf\" target=\"_blank\" rel=\"noopener noreferrer\">Le voyage de printemps &#8211; ann\u00e9e 2020<\/a><\/p>\n<p>Le comit\u00e9 m\u00e9moire :\u00a0<a href=\"https:\/\/anciensmeteos.info\/wp-content\/uploads\/2019\/07\/rapport-comite-memoire.pdf\" target=\"_blank\" rel=\"noopener noreferrer\">Comit\u00e9 m\u00e9moire &#8211; AG 2019<\/a><\/p>\n<p>Les activit\u00e9s AAM-IDF &#8211; AG 2019 :\u00a0<a href=\"https:\/\/anciensmeteos.info\/wp-content\/uploads\/2019\/07\/idf-ag2019.pdf\" target=\"_blank\" rel=\"noopener noreferrer\">IDF &#8211; AG 2019<\/a><\/p>\n<p>Les activit\u00e9s r\u00e9gion W 2018 -2019 :\u00a0<a href=\"https:\/\/anciensmeteos.info\/wp-content\/uploads\/2019\/07\/activites-ouest-2018-2019.pdf\" target=\"_blank\" rel=\"noopener noreferrer\">Les activit\u00e9s r\u00e9gion Ouest &#8211; 2018 &#8211; 2019<\/a><\/p>\n<p>Phototh\u00e8que :\u00a0<a href=\"https:\/\/anciensmeteos.info\/wp-content\/uploads\/2019\/07\/phototheque.pdf\" target=\"_blank\" rel=\"noopener noreferrer\">Au sujet de la phototh\u00e8que de M\u00e9t\u00e9o-France<\/a><\/p>\n","protected":false},"excerpt":{"rendered":"<p>Ci-dessous le d\u00e9roul\u00e9 de l&rsquo;AG 2019 qui s&rsquo;est tenue \u00e0 Saint-Germain au Mont d&rsquo;Or proche banlieue de Lyon. Pr\u00e9sentation du rapport d&rsquo;activit\u00e9s :\u00a0Le rapport d&rsquo;activit\u00e9s &#8211; AG 2019 Pr\u00e9sentation du rapport moral :\u00a0Le rapport moral &#8211; AG 2019 Bilan financier :\u00a0Exercice 2018 &#8211; AG 2019 V\u00e9rificateur aux comptes :\u00a0V\u00e9rificateurs aux comptes Le voyage de printemps &hellip; <a href=\"https:\/\/anciensmeteos.info\/?p=4316\" class=\"more-link\">Continuer la lecture<span class=\"screen-reader-text\"> de &laquo;&nbsp;Le d\u00e9roul\u00e9 de l&rsquo;AG 2019&nbsp;&raquo;<\/span><\/a><\/p>\n","protected":false},"author":1,"featured_media":0,"comment_status":"closed","ping_status":"closed","sticky":false,"template":"","format":"standard","meta":{"_crdt_document":"","footnotes":""},"categories":[76],"tags":[],"class_list":["post-4316","post","type-post","status-publish","format-standard","hentry","category-ag-aam"],"_links":{"self":[{"href":"https:\/\/anciensmeteos.info\/index.php?rest_route=\/wp\/v2\/posts\/4316","targetHints":{"allow":["GET"]}}],"collection":[{"href":"https:\/\/anciensmeteos.info\/index.php?rest_route=\/wp\/v2\/posts"}],"about":[{"href":"https:\/\/anciensmeteos.info\/index.php?rest_route=\/wp\/v2\/types\/post"}],"author":[{"embeddable":true,"href":"https:\/\/anciensmeteos.info\/index.php?rest_route=\/wp\/v2\/users\/1"}],"replies":[{"embeddable":true,"href":"https:\/\/anciensmeteos.info\/index.php?rest_route=%2Fwp%2Fv2%2Fcomments&post=4316"}],"version-history":[{"count":0,"href":"https:\/\/anciensmeteos.info\/index.php?rest_route=\/wp\/v2\/posts\/4316\/revisions"}],"wp:attachment":[{"href":"https:\/\/anciensmeteos.info\/index.php?rest_route=%2Fwp%2Fv2%2Fmedia&parent=4316"}],"wp:term":[{"taxonomy":"category","embeddable":true,"href":"https:\/\/anciensmeteos.info\/index.php?rest_route=%2Fwp%2Fv2%2Fcategories&post=4316"},{"taxonomy":"post_tag","embeddable":true,"href":"https:\/\/anciensmeteos.info\/index.php?rest_route=%2Fwp%2Fv2%2Ftags&post=4316"}],"curies":[{"name":"wp","href":"https:\/\/api.w.org\/{rel}","templated":true}]}}