{"id":9047,"date":"2020-07-09T21:51:35","date_gmt":"2020-07-09T19:51:35","guid":{"rendered":"http:\/\/anciensmeteos.info\/?p=9047"},"modified":"2021-06-06T10:12:31","modified_gmt":"2021-06-06T08:12:31","slug":"mise-en-operationnel-daeolus","status":"publish","type":"post","link":"https:\/\/anciensmeteos.info\/?p=9047","title":{"rendered":"Mise en op\u00e9rationnel d&rsquo;Aeolus"},"content":{"rendered":"<pre class=\"moz-quote-pre\">PREMIERE UTILISATION OPERATIONNELLE DES OBSERVATIONS AEOLUS A METEO-FRANCE\r\n\r\nLes donn\u00e9es de vent du lidar embarqu\u00e9 sur le satellite Aeolus sont utilis\u00e9es op\u00e9rationnellement dans la pr\u00e9vision num\u00e9rique \u00e0 M\u00e9t\u00e9o-France (analyse Arp\u00e8ge) depuis le mardi 30 juin 2020. Ce satellite a \u00e9t\u00e9 lanc\u00e9 en ao\u00fbt 2018. Il s'agit d'une mission spatiale de recherche de l'ESA (Agence Spatiale Europ\u00e9enne; s\u00e9rie dite \"Earth Explorers\"). Le satellite, son instrument et les donn\u00e9es de vent produites sont d\u00e9crites dans un article du num\u00e9ro 187 de la revue \"Arc-En-Ciel\" (pages 25-28):\r\n<a class=\"moz-txt-link-freetext\" href=\"http:\/\/anciensmbh.cluster026.hosting.ovh.net\/wp-content\/uploads\/aec-pdf\/aec_187.pdf\">http:\/\/anciensmbh.cluster026.hosting.ovh.net\/wp-content\/uploads\/aec-pdf\/aec_187.pdf<\/a>\r\n\r\nDepuis le lancement, il a fallu plus d'un an pour que les observations de vent Aeolus soient utilis\u00e9es op\u00e9rationnellement \u00e0 Reading, au CEPMMT (9 janvier 2020),et pr\u00e8s de deux ans pour qu'elles le soient \u00e0 M\u00e9t\u00e9o-France (30 juin 2020). Le CEPMMT est le premier utilisateur d'Aeolus dans son mod\u00e8le de pr\u00e9vision, mais est aussi impliqu\u00e9 dans le pr\u00e9traitement et de la distribution des donn\u00e9es aux autres services m\u00e9t\u00e9orologiques.\r\n\r\nPour arriver \u00e0 une utilisation efficace de ces observations dans les mod\u00e8les il a fallu surmonter plusieurs difficult\u00e9s. Panne du laser principal et activation du laser de secours en juin 2019. Diagnostic et correction d'un fort biais dans les observations de vent provenant des variations de temp\u00e9rature du miroir antenne. Pour d\u00e9tails scientifiques et techniques, voir l'article suivant sur le site du Centre europ\u00e9en:\r\n<a class=\"moz-txt-link-freetext\" href=\"https:\/\/www.ecmwf.int\/en\/about\/media-centre\/news\/2020\/ecmwf-starts-assimilating-aeolus-wind-data\">https:\/\/www.ecmwf.int\/en\/about\/media-centre\/news\/2020\/ecmwf-starts-assimilating-aeolus-wind-data<\/a>\r\n\r\nEtrange et triste co\u00efncidence: Pierre Flamant, grand sp\u00e9cialiste des lidars m\u00e9t\u00e9os au CNRS, est d\u00e9c\u00e9d\u00e9 le mardi 30 juin, le jour-m\u00eame o\u00f9 M\u00e9t\u00e9o-France concr\u00e9tisait une utilisation op\u00e9rationnelle des observations Aeolus. Pierre Flamant avait oeuvr\u00e9 pendant plusieurs d\u00e9cennies dans le groupe scientifique de l'ESA pour pr\u00e9parer cette mission spatiale.\r\n<a class=\"moz-txt-link-freetext\" href=\"https:\/\/www.insu.cnrs.fr\/fr\/cnrsinfo\/hommage-pierre-flamant\">https:\/\/www.insu.cnrs.fr\/fr\/cnrsinfo\/hommage-pierre-flamant<\/a>\r\n\r\nJean Pailleux<\/pre>\n","protected":false},"excerpt":{"rendered":"<p>PREMIERE UTILISATION OPERATIONNELLE DES OBSERVATIONS AEOLUS A METEO-FRANCE Les donn\u00e9es de vent du lidar embarqu\u00e9 sur le satellite Aeolus sont utilis\u00e9es op\u00e9rationnellement dans la pr\u00e9vision num\u00e9rique \u00e0 M\u00e9t\u00e9o-France (analyse Arp\u00e8ge) depuis le mardi 30 juin 2020. Ce satellite a \u00e9t\u00e9 lanc\u00e9 en ao\u00fbt 2018. Il s&rsquo;agit d&rsquo;une mission spatiale de recherche de l&rsquo;ESA (Agence Spatiale &hellip; <a href=\"https:\/\/anciensmeteos.info\/?p=9047\" class=\"more-link\">Continuer la lecture<span class=\"screen-reader-text\"> de &laquo;&nbsp;Mise en op\u00e9rationnel d&rsquo;Aeolus&nbsp;&raquo;<\/span><\/a><\/p>\n","protected":false},"author":1,"featured_media":0,"comment_status":"closed","ping_status":"closed","sticky":false,"template":"","format":"standard","meta":{"_crdt_document":"","footnotes":""},"categories":[37],"tags":[],"class_list":["post-9047","post","type-post","status-publish","format-standard","hentry","category-actu"],"_links":{"self":[{"href":"https:\/\/anciensmeteos.info\/index.php?rest_route=\/wp\/v2\/posts\/9047","targetHints":{"allow":["GET"]}}],"collection":[{"href":"https:\/\/anciensmeteos.info\/index.php?rest_route=\/wp\/v2\/posts"}],"about":[{"href":"https:\/\/anciensmeteos.info\/index.php?rest_route=\/wp\/v2\/types\/post"}],"author":[{"embeddable":true,"href":"https:\/\/anciensmeteos.info\/index.php?rest_route=\/wp\/v2\/users\/1"}],"replies":[{"embeddable":true,"href":"https:\/\/anciensmeteos.info\/index.php?rest_route=%2Fwp%2Fv2%2Fcomments&post=9047"}],"version-history":[{"count":0,"href":"https:\/\/anciensmeteos.info\/index.php?rest_route=\/wp\/v2\/posts\/9047\/revisions"}],"wp:attachment":[{"href":"https:\/\/anciensmeteos.info\/index.php?rest_route=%2Fwp%2Fv2%2Fmedia&parent=9047"}],"wp:term":[{"taxonomy":"category","embeddable":true,"href":"https:\/\/anciensmeteos.info\/index.php?rest_route=%2Fwp%2Fv2%2Fcategories&post=9047"},{"taxonomy":"post_tag","embeddable":true,"href":"https:\/\/anciensmeteos.info\/index.php?rest_route=%2Fwp%2Fv2%2Ftags&post=9047"}],"curies":[{"name":"wp","href":"https:\/\/api.w.org\/{rel}","templated":true}]}}